{"id":2788,"date":"2023-09-21T07:45:12","date_gmt":"2023-09-21T07:45:12","guid":{"rendered":"https:\/\/rotarygallaplacidia.it\/cms\/?p=2788"},"modified":"2023-09-24T07:49:27","modified_gmt":"2023-09-24T07:49:27","slug":"rotary-club-galla-placidia-una-serata-con-marco-martinelli","status":"publish","type":"post","link":"https:\/\/rotarygallaplacidia.it\/cms\/rotary-club-galla-placidia-una-serata-con-marco-martinelli\/","title":{"rendered":"Rotary Club Galla Placidia: Una serata con Marco Martinelli"},"content":{"rendered":"<p><a href=\"https:\/\/i0.wp.com\/rotarygallaplacidia.it\/cms\/wp-content\/uploads\/2023\/09\/DSC_9974-scaled.jpg?ssl=1\"><img fetchpriority=\"high\" decoding=\"async\" data-attachment-id=\"2789\" data-permalink=\"https:\/\/rotarygallaplacidia.it\/cms\/rotary-club-galla-placidia-una-serata-con-marco-martinelli\/dsc_9974\/\" data-orig-file=\"https:\/\/i0.wp.com\/rotarygallaplacidia.it\/cms\/wp-content\/uploads\/2023\/09\/DSC_9974-scaled.jpg?fit=2560%2C1703&amp;ssl=1\" data-orig-size=\"2560,1703\" data-comments-opened=\"0\" data-image-meta=\"{&quot;aperture&quot;:&quot;5.6&quot;,&quot;credit&quot;:&quot;&quot;,&quot;camera&quot;:&quot;NIKON Z 6_2&quot;,&quot;caption&quot;:&quot;&quot;,&quot;created_timestamp&quot;:&quot;1695332724&quot;,&quot;copyright&quot;:&quot;&quot;,&quot;focal_length&quot;:&quot;56&quot;,&quot;iso&quot;:&quot;25600&quot;,&quot;shutter_speed&quot;:&quot;0.008&quot;,&quot;title&quot;:&quot;&quot;,&quot;orientation&quot;:&quot;1&quot;}\" data-image-title=\"DSC_9974\" data-image-description=\"\" data-image-caption=\"\" data-medium-file=\"https:\/\/i0.wp.com\/rotarygallaplacidia.it\/cms\/wp-content\/uploads\/2023\/09\/DSC_9974-scaled.jpg?fit=300%2C200&amp;ssl=1\" data-large-file=\"https:\/\/i0.wp.com\/rotarygallaplacidia.it\/cms\/wp-content\/uploads\/2023\/09\/DSC_9974-scaled.jpg?fit=750%2C499&amp;ssl=1\" tabindex=\"0\" role=\"button\" src=\"https:\/\/i0.wp.com\/rotarygallaplacidia.it\/cms\/wp-content\/uploads\/2023\/09\/DSC_9974.jpg?resize=300%2C200&#038;ssl=1\" alt=\"\" width=\"300\" height=\"200\" class=\"alignnone size-medium wp-image-2789\" srcset=\"https:\/\/i0.wp.com\/rotarygallaplacidia.it\/cms\/wp-content\/uploads\/2023\/09\/DSC_9974-scaled.jpg?resize=300%2C200&amp;ssl=1 300w, https:\/\/i0.wp.com\/rotarygallaplacidia.it\/cms\/wp-content\/uploads\/2023\/09\/DSC_9974-scaled.jpg?resize=1024%2C681&amp;ssl=1 1024w, https:\/\/i0.wp.com\/rotarygallaplacidia.it\/cms\/wp-content\/uploads\/2023\/09\/DSC_9974-scaled.jpg?resize=768%2C511&amp;ssl=1 768w, https:\/\/i0.wp.com\/rotarygallaplacidia.it\/cms\/wp-content\/uploads\/2023\/09\/DSC_9974-scaled.jpg?resize=1536%2C1022&amp;ssl=1 1536w, https:\/\/i0.wp.com\/rotarygallaplacidia.it\/cms\/wp-content\/uploads\/2023\/09\/DSC_9974-scaled.jpg?resize=2048%2C1363&amp;ssl=1 2048w, https:\/\/i0.wp.com\/rotarygallaplacidia.it\/cms\/wp-content\/uploads\/2023\/09\/DSC_9974-scaled.jpg?resize=360%2C240&amp;ssl=1 360w, https:\/\/i0.wp.com\/rotarygallaplacidia.it\/cms\/wp-content\/uploads\/2023\/09\/DSC_9974-scaled.jpg?resize=272%2C182&amp;ssl=1 272w, https:\/\/i0.wp.com\/rotarygallaplacidia.it\/cms\/wp-content\/uploads\/2023\/09\/DSC_9974-scaled.jpg?w=2250&amp;ssl=1 2250w\" sizes=\"(max-width: 300px) 100vw, 300px\" data-recalc-dims=\"1\" \/><\/a> <a href=\"https:\/\/i0.wp.com\/rotarygallaplacidia.it\/cms\/wp-content\/uploads\/2023\/09\/DSC_9986-scaled.jpg?ssl=1\"><img decoding=\"async\" data-attachment-id=\"2790\" data-permalink=\"https:\/\/rotarygallaplacidia.it\/cms\/rotary-club-galla-placidia-una-serata-con-marco-martinelli\/dsc_9986\/\" data-orig-file=\"https:\/\/i0.wp.com\/rotarygallaplacidia.it\/cms\/wp-content\/uploads\/2023\/09\/DSC_9986-scaled.jpg?fit=2560%2C1703&amp;ssl=1\" data-orig-size=\"2560,1703\" data-comments-opened=\"0\" data-image-meta=\"{&quot;aperture&quot;:&quot;5&quot;,&quot;credit&quot;:&quot;&quot;,&quot;camera&quot;:&quot;NIKON Z 6_2&quot;,&quot;caption&quot;:&quot;&quot;,&quot;created_timestamp&quot;:&quot;1695335998&quot;,&quot;copyright&quot;:&quot;&quot;,&quot;focal_length&quot;:&quot;42&quot;,&quot;iso&quot;:&quot;2500&quot;,&quot;shutter_speed&quot;:&quot;0.008&quot;,&quot;title&quot;:&quot;&quot;,&quot;orientation&quot;:&quot;1&quot;}\" data-image-title=\"DSC_9986\" data-image-description=\"\" data-image-caption=\"\" data-medium-file=\"https:\/\/i0.wp.com\/rotarygallaplacidia.it\/cms\/wp-content\/uploads\/2023\/09\/DSC_9986-scaled.jpg?fit=300%2C200&amp;ssl=1\" data-large-file=\"https:\/\/i0.wp.com\/rotarygallaplacidia.it\/cms\/wp-content\/uploads\/2023\/09\/DSC_9986-scaled.jpg?fit=750%2C499&amp;ssl=1\" tabindex=\"0\" role=\"button\" src=\"https:\/\/i0.wp.com\/rotarygallaplacidia.it\/cms\/wp-content\/uploads\/2023\/09\/DSC_9986.jpg?resize=300%2C200&#038;ssl=1\" alt=\"\" width=\"300\" height=\"200\" class=\"alignnone size-medium wp-image-2790\" srcset=\"https:\/\/i0.wp.com\/rotarygallaplacidia.it\/cms\/wp-content\/uploads\/2023\/09\/DSC_9986-scaled.jpg?resize=300%2C200&amp;ssl=1 300w, https:\/\/i0.wp.com\/rotarygallaplacidia.it\/cms\/wp-content\/uploads\/2023\/09\/DSC_9986-scaled.jpg?resize=1024%2C681&amp;ssl=1 1024w, https:\/\/i0.wp.com\/rotarygallaplacidia.it\/cms\/wp-content\/uploads\/2023\/09\/DSC_9986-scaled.jpg?resize=768%2C511&amp;ssl=1 768w, https:\/\/i0.wp.com\/rotarygallaplacidia.it\/cms\/wp-content\/uploads\/2023\/09\/DSC_9986-scaled.jpg?resize=1536%2C1022&amp;ssl=1 1536w, https:\/\/i0.wp.com\/rotarygallaplacidia.it\/cms\/wp-content\/uploads\/2023\/09\/DSC_9986-scaled.jpg?resize=2048%2C1363&amp;ssl=1 2048w, https:\/\/i0.wp.com\/rotarygallaplacidia.it\/cms\/wp-content\/uploads\/2023\/09\/DSC_9986-scaled.jpg?resize=360%2C240&amp;ssl=1 360w, https:\/\/i0.wp.com\/rotarygallaplacidia.it\/cms\/wp-content\/uploads\/2023\/09\/DSC_9986-scaled.jpg?resize=272%2C182&amp;ssl=1 272w, https:\/\/i0.wp.com\/rotarygallaplacidia.it\/cms\/wp-content\/uploads\/2023\/09\/DSC_9986-scaled.jpg?w=2250&amp;ssl=1 2250w\" sizes=\"(max-width: 300px) 100vw, 300px\" data-recalc-dims=\"1\" \/><\/a> <a href=\"https:\/\/i0.wp.com\/rotarygallaplacidia.it\/cms\/wp-content\/uploads\/2023\/09\/DSC_9996-scaled.jpg?ssl=1\"><img decoding=\"async\" data-attachment-id=\"2791\" data-permalink=\"https:\/\/rotarygallaplacidia.it\/cms\/rotary-club-galla-placidia-una-serata-con-marco-martinelli\/dsc_9996\/\" data-orig-file=\"https:\/\/i0.wp.com\/rotarygallaplacidia.it\/cms\/wp-content\/uploads\/2023\/09\/DSC_9996-scaled.jpg?fit=2560%2C1703&amp;ssl=1\" data-orig-size=\"2560,1703\" data-comments-opened=\"0\" data-image-meta=\"{&quot;aperture&quot;:&quot;6.3&quot;,&quot;credit&quot;:&quot;&quot;,&quot;camera&quot;:&quot;NIKON Z 6_2&quot;,&quot;caption&quot;:&quot;&quot;,&quot;created_timestamp&quot;:&quot;1695336126&quot;,&quot;copyright&quot;:&quot;&quot;,&quot;focal_length&quot;:&quot;80&quot;,&quot;iso&quot;:&quot;4500&quot;,&quot;shutter_speed&quot;:&quot;0.008&quot;,&quot;title&quot;:&quot;&quot;,&quot;orientation&quot;:&quot;1&quot;}\" data-image-title=\"DSC_9996\" data-image-description=\"\" data-image-caption=\"\" data-medium-file=\"https:\/\/i0.wp.com\/rotarygallaplacidia.it\/cms\/wp-content\/uploads\/2023\/09\/DSC_9996-scaled.jpg?fit=300%2C200&amp;ssl=1\" data-large-file=\"https:\/\/i0.wp.com\/rotarygallaplacidia.it\/cms\/wp-content\/uploads\/2023\/09\/DSC_9996-scaled.jpg?fit=750%2C499&amp;ssl=1\" tabindex=\"0\" role=\"button\" src=\"https:\/\/i0.wp.com\/rotarygallaplacidia.it\/cms\/wp-content\/uploads\/2023\/09\/DSC_9996.jpg?resize=300%2C200&#038;ssl=1\" alt=\"\" width=\"300\" height=\"200\" class=\"alignnone size-medium wp-image-2791\" srcset=\"https:\/\/i0.wp.com\/rotarygallaplacidia.it\/cms\/wp-content\/uploads\/2023\/09\/DSC_9996-scaled.jpg?resize=300%2C200&amp;ssl=1 300w, https:\/\/i0.wp.com\/rotarygallaplacidia.it\/cms\/wp-content\/uploads\/2023\/09\/DSC_9996-scaled.jpg?resize=1024%2C681&amp;ssl=1 1024w, https:\/\/i0.wp.com\/rotarygallaplacidia.it\/cms\/wp-content\/uploads\/2023\/09\/DSC_9996-scaled.jpg?resize=768%2C511&amp;ssl=1 768w, https:\/\/i0.wp.com\/rotarygallaplacidia.it\/cms\/wp-content\/uploads\/2023\/09\/DSC_9996-scaled.jpg?resize=1536%2C1022&amp;ssl=1 1536w, https:\/\/i0.wp.com\/rotarygallaplacidia.it\/cms\/wp-content\/uploads\/2023\/09\/DSC_9996-scaled.jpg?resize=2048%2C1363&amp;ssl=1 2048w, https:\/\/i0.wp.com\/rotarygallaplacidia.it\/cms\/wp-content\/uploads\/2023\/09\/DSC_9996-scaled.jpg?resize=360%2C240&amp;ssl=1 360w, https:\/\/i0.wp.com\/rotarygallaplacidia.it\/cms\/wp-content\/uploads\/2023\/09\/DSC_9996-scaled.jpg?resize=272%2C182&amp;ssl=1 272w, https:\/\/i0.wp.com\/rotarygallaplacidia.it\/cms\/wp-content\/uploads\/2023\/09\/DSC_9996-scaled.jpg?w=2250&amp;ssl=1 2250w\" sizes=\"(max-width: 300px) 100vw, 300px\" data-recalc-dims=\"1\" \/><\/a><\/p>\n<p>&nbsp;<\/p>\n<p>Nella serata del 21 settembre scorso presso il Circolo Ravennate e dei Forestieri il Rotary Club Galla Placidia ha avuto come relatore <strong>Marco Martinelli<\/strong>.<\/p>\n<p>L\u2019incontro \u00e8 stato introdotto dal Presidente del Rotary <strong>Roberto Scaioli<\/strong> e da <strong>Paolo Visani<\/strong>, che hanno illustrato il coinvolgimento del Club nelle iniziative a sostegno di un progetto maturato insieme ad <strong>AVSI<a href=\"#_ftn1\" name=\"_ftnref1\"><span>[1]<\/span><\/a><\/strong> mirante ad ampliare lo spazio a disposizione degli studenti e dei professori nel Centro di formazione professionale St.Kizito di Nairobi, in Kenya. L\u2019obiettivo \u00e8 di garantire formazione di qualit\u00e0 e possibilit\u00e0 lavorative a giovani kenyoti provenienti dalle fasce pi\u00f9 vulnerabili della popolazione. Il progetto \u00e8 quindi finalizzato a favorire opportunit\u00e0 di formazione professionale affinch\u00e9 i giovani possano sviluppare competenze tecniche ed imprenditoriali che permettano loro di trovare occupazione stabile nel loro Paese.<\/p>\n<p>Nel corso della serata \u00e8 stato presentato il cortometraggio <em>The sky over Kybera, <\/em>il docu-film promosso dalla Fondazione Avsi e dall\u2019Istituto italiano di cultura di Nairobi, girato durante uno spettacolo durato tre giorni e diretto da Marco Martinelli.<\/p>\n<p>Martinelli, che ha pure curato la regia del film, \u00a0ha spiegato com\u2019\u00e8 nata l\u2019idea di andare in Kenya e di coinvolgere, a Kibera (una grande baraccopoli nel cuore di Nairobi), circa 150 ragazzi di varie scuole locali, facendoli partecipare ad un percorso di adattamento della Divina commedia, esposto in lingua inglese e in swahili.<\/p>\n<p>E cos\u00ec non solo l\u2019<em>Inferno<\/em> sotto la guida di Martinelli e di Ermanna Montanari, \u00e8 stato rappresentato a Ravenna per le vie del centro da \u201cattori non professionisti\u201d, ma anche a Kibera,\u00a0 sono stati esplorati i temi del viaggio di Dante, contestualizzandoli alla realt\u00e0 di Nairobi.<\/p>\n<p>Grazie al teatro, in una realt\u00e0 difficile, i ragazzi hanno maggiormente apprezzato un nuovo percorso educativo e appreso come ci si possa salvare nella \u201cselva oscura\u201d se ci si aiuta e si trovano le forme giuste di cooperazione. Una lezione che naturalmente serve anche nella vita.<\/p>\n<p>L\u2019incontro \u00e8 poi stato occasione per focalizzare le attivit\u00e0 organizzate dalla Fondazione Avsi e il ruolo del Rotary, che gi\u00e0 ha avviato una serie di iniziative di collaborazione per sostenere progetti di sviluppo nel mondo africano. Iniziative come quella di Kibera, consentono infatti di far crescere le comunit\u00e0 locali offrendo ai giovani un livello di istruzione capace di garantire loro gli strumenti necessari per rendersi indipendenti \u00a0per costruire un futuro migliore.<\/p>\n<p>Alla serata, che \u00e8 risultata particolarmente interessante. hanno partecipato numerosi ospiti: tra questi il dott. Antonino Masuri, , responsabile della comunicazione AVSI Kenya, il Sovrintendente del Ravenna Festival Antonio De Rosa, la dott.ssa Marcella Nonni di Ravenna Teatri, la prof.ssa Chiara Francesconi per la Commissione Cultura dell\u2019Amm.ne comunale di Ravenna.<\/p>\n<p>&nbsp;<\/p>\n<p>&nbsp;<\/p>\n<p>&nbsp;<\/p>\n<p>&nbsp;<\/p>\n<p>&nbsp;<\/p>\n<p>3 foto allegate: Marco Martinelli, Roberto Scaioli e Paolo Visani nella prima foto<\/p>\n<p>Immagini relative al docu-film <em>The sky over Kybera<\/em><\/p>\n<p><a href=\"#_ftnref1\" name=\"_ftn1\"><span>[1]<\/span><\/a> Associazione Volontari per il Servizio Internazionale.<\/p>\n","protected":false},"excerpt":{"rendered":"<p>&nbsp; Nella serata del 21 settembre scorso presso il Circolo Ravennate e dei Forestieri il Rotary Club Galla Placidia ha avuto come relatore Marco Martinelli. L\u2019incontro \u00e8 stato introdotto dal Presidente del Rotary Roberto Scaioli e da Paolo Visani, che hanno illustrato il coinvolgimento del Club nelle iniziative a sostegno [&hellip;]<\/p>\n","protected":false},"author":3,"featured_media":2789,"comment_status":"closed","ping_status":"closed","sticky":false,"template":"","format":"standard","meta":{"jetpack_post_was_ever_published":false,"_jetpack_newsletter_access":"","_jetpack_dont_email_post_to_subs":false,"_jetpack_newsletter_tier_id":0,"_jetpack_memberships_contains_paywalled_content":false,"_jetpack_memberships_contains_paid_content":false,"footnotes":"","jetpack_publicize_message":"","jetpack_publicize_feature_enabled":true,"jetpack_social_post_already_shared":true,"jetpack_social_options":{"image_generator_settings":{"template":"highway","enabled":false},"version":2}},"categories":[17,13],"tags":[],"class_list":["post-2788","post","type-post","status-publish","format-standard","has-post-thumbnail","hentry","category-eventi","category-service"],"jetpack_publicize_connections":[],"yoast_head":"<!-- This site is optimized with the Yoast SEO plugin v23.0 - https:\/\/yoast.com\/wordpress\/plugins\/seo\/ -->\n<title>Rotary Club Galla Placidia: Una serata con Marco Martinelli - Rotary Galla Placidia Ravenna<\/title>\n<meta name=\"robots\" content=\"index, follow, max-snippet:-1, max-image-preview:large, max-video-preview:-1\" \/>\n<link rel=\"canonical\" href=\"https:\/\/rotarygallaplacidia.it\/cms\/rotary-club-galla-placidia-una-serata-con-marco-martinelli\/\" \/>\n<meta property=\"og:locale\" content=\"it_IT\" \/>\n<meta property=\"og:type\" content=\"article\" \/>\n<meta property=\"og:title\" content=\"Rotary Club Galla Placidia: Una serata con Marco Martinelli - Rotary Galla Placidia Ravenna\" \/>\n<meta property=\"og:description\" content=\"&nbsp; Nella serata del 21 settembre scorso presso il Circolo Ravennate e dei Forestieri il Rotary Club Galla Placidia ha avuto come relatore Marco Martinelli. L\u2019incontro \u00e8 stato introdotto dal Presidente del Rotary Roberto Scaioli e da Paolo Visani, che hanno illustrato il coinvolgimento del Club nelle iniziative a sostegno [&hellip;]\" \/>\n<meta property=\"og:url\" content=\"https:\/\/rotarygallaplacidia.it\/cms\/rotary-club-galla-placidia-una-serata-con-marco-martinelli\/\" \/>\n<meta property=\"og:site_name\" content=\"Rotary Galla Placidia Ravenna\" \/>\n<meta property=\"article:published_time\" content=\"2023-09-21T07:45:12+00:00\" \/>\n<meta property=\"article:modified_time\" content=\"2023-09-24T07:49:27+00:00\" \/>\n<meta property=\"og:image\" content=\"https:\/\/rotarygallaplacidia.it\/cms\/wp-content\/uploads\/2023\/09\/DSC_9974-scaled.jpg\" \/>\n\t<meta property=\"og:image:width\" content=\"2560\" \/>\n\t<meta property=\"og:image:height\" content=\"1703\" \/>\n\t<meta property=\"og:image:type\" content=\"image\/jpeg\" \/>\n<meta name=\"author\" content=\"Giovanni Montresori\" \/>\n<meta name=\"twitter:card\" content=\"summary_large_image\" \/>\n<meta name=\"twitter:label1\" content=\"Scritto da\" \/>\n\t<meta name=\"twitter:data1\" content=\"Giovanni Montresori\" \/>\n\t<meta name=\"twitter:label2\" content=\"Tempo di lettura stimato\" \/>\n\t<meta name=\"twitter:data2\" content=\"2 minuti\" \/>\n<script type=\"application\/ld+json\" class=\"yoast-schema-graph\">{\"@context\":\"https:\/\/schema.org\",\"@graph\":[{\"@type\":\"Article\",\"@id\":\"https:\/\/rotarygallaplacidia.it\/cms\/rotary-club-galla-placidia-una-serata-con-marco-martinelli\/#article\",\"isPartOf\":{\"@id\":\"https:\/\/rotarygallaplacidia.it\/cms\/rotary-club-galla-placidia-una-serata-con-marco-martinelli\/\"},\"author\":{\"name\":\"Giovanni Montresori\",\"@id\":\"https:\/\/rotarygallaplacidia.it\/cms\/#\/schema\/person\/f41f18fc67fafc10843fedbb954ec5bb\"},\"headline\":\"Rotary Club Galla Placidia: Una serata con Marco Martinelli\",\"datePublished\":\"2023-09-21T07:45:12+00:00\",\"dateModified\":\"2023-09-24T07:49:27+00:00\",\"mainEntityOfPage\":{\"@id\":\"https:\/\/rotarygallaplacidia.it\/cms\/rotary-club-galla-placidia-una-serata-con-marco-martinelli\/\"},\"wordCount\":475,\"publisher\":{\"@id\":\"https:\/\/rotarygallaplacidia.it\/cms\/#organization\"},\"image\":{\"@id\":\"https:\/\/rotarygallaplacidia.it\/cms\/rotary-club-galla-placidia-una-serata-con-marco-martinelli\/#primaryimage\"},\"thumbnailUrl\":\"https:\/\/i0.wp.com\/rotarygallaplacidia.it\/cms\/wp-content\/uploads\/2023\/09\/DSC_9974-scaled.jpg?fit=2560%2C1703&ssl=1\",\"articleSection\":[\"Eventi\",\"Service\"],\"inLanguage\":\"it-IT\"},{\"@type\":\"WebPage\",\"@id\":\"https:\/\/rotarygallaplacidia.it\/cms\/rotary-club-galla-placidia-una-serata-con-marco-martinelli\/\",\"url\":\"https:\/\/rotarygallaplacidia.it\/cms\/rotary-club-galla-placidia-una-serata-con-marco-martinelli\/\",\"name\":\"Rotary Club Galla Placidia: Una serata con Marco Martinelli - Rotary Galla Placidia Ravenna\",\"isPartOf\":{\"@id\":\"https:\/\/rotarygallaplacidia.it\/cms\/#website\"},\"primaryImageOfPage\":{\"@id\":\"https:\/\/rotarygallaplacidia.it\/cms\/rotary-club-galla-placidia-una-serata-con-marco-martinelli\/#primaryimage\"},\"image\":{\"@id\":\"https:\/\/rotarygallaplacidia.it\/cms\/rotary-club-galla-placidia-una-serata-con-marco-martinelli\/#primaryimage\"},\"thumbnailUrl\":\"https:\/\/i0.wp.com\/rotarygallaplacidia.it\/cms\/wp-content\/uploads\/2023\/09\/DSC_9974-scaled.jpg?fit=2560%2C1703&ssl=1\",\"datePublished\":\"2023-09-21T07:45:12+00:00\",\"dateModified\":\"2023-09-24T07:49:27+00:00\",\"breadcrumb\":{\"@id\":\"https:\/\/rotarygallaplacidia.it\/cms\/rotary-club-galla-placidia-una-serata-con-marco-martinelli\/#breadcrumb\"},\"inLanguage\":\"it-IT\",\"potentialAction\":[{\"@type\":\"ReadAction\",\"target\":[\"https:\/\/rotarygallaplacidia.it\/cms\/rotary-club-galla-placidia-una-serata-con-marco-martinelli\/\"]}]},{\"@type\":\"ImageObject\",\"inLanguage\":\"it-IT\",\"@id\":\"https:\/\/rotarygallaplacidia.it\/cms\/rotary-club-galla-placidia-una-serata-con-marco-martinelli\/#primaryimage\",\"url\":\"https:\/\/i0.wp.com\/rotarygallaplacidia.it\/cms\/wp-content\/uploads\/2023\/09\/DSC_9974-scaled.jpg?fit=2560%2C1703&ssl=1\",\"contentUrl\":\"https:\/\/i0.wp.com\/rotarygallaplacidia.it\/cms\/wp-content\/uploads\/2023\/09\/DSC_9974-scaled.jpg?fit=2560%2C1703&ssl=1\",\"width\":2560,\"height\":1703},{\"@type\":\"BreadcrumbList\",\"@id\":\"https:\/\/rotarygallaplacidia.it\/cms\/rotary-club-galla-placidia-una-serata-con-marco-martinelli\/#breadcrumb\",\"itemListElement\":[{\"@type\":\"ListItem\",\"position\":1,\"name\":\"Home\",\"item\":\"https:\/\/rotarygallaplacidia.it\/cms\/\"},{\"@type\":\"ListItem\",\"position\":2,\"name\":\"Rotary Club Galla Placidia: Una serata con Marco Martinelli\"}]},{\"@type\":\"WebSite\",\"@id\":\"https:\/\/rotarygallaplacidia.it\/cms\/#website\",\"url\":\"https:\/\/rotarygallaplacidia.it\/cms\/\",\"name\":\"Rotary Galla Placidia Ravenna\",\"description\":\"Rotary Club Ravenna Galla Placidia\",\"publisher\":{\"@id\":\"https:\/\/rotarygallaplacidia.it\/cms\/#organization\"},\"potentialAction\":[{\"@type\":\"SearchAction\",\"target\":{\"@type\":\"EntryPoint\",\"urlTemplate\":\"https:\/\/rotarygallaplacidia.it\/cms\/?s={search_term_string}\"},\"query-input\":\"required name=search_term_string\"}],\"inLanguage\":\"it-IT\"},{\"@type\":\"Organization\",\"@id\":\"https:\/\/rotarygallaplacidia.it\/cms\/#organization\",\"name\":\"Rotary Galla Placidia Ravenna\",\"url\":\"https:\/\/rotarygallaplacidia.it\/cms\/\",\"logo\":{\"@type\":\"ImageObject\",\"inLanguage\":\"it-IT\",\"@id\":\"https:\/\/rotarygallaplacidia.it\/cms\/#\/schema\/logo\/image\/\",\"url\":\"https:\/\/i0.wp.com\/rotarygallaplacidia.it\/cms\/wp-content\/uploads\/2017\/05\/cropped-logo-5.png?fit=375%2C250&ssl=1\",\"contentUrl\":\"https:\/\/i0.wp.com\/rotarygallaplacidia.it\/cms\/wp-content\/uploads\/2017\/05\/cropped-logo-5.png?fit=375%2C250&ssl=1\",\"width\":375,\"height\":250,\"caption\":\"Rotary Galla Placidia Ravenna\"},\"image\":{\"@id\":\"https:\/\/rotarygallaplacidia.it\/cms\/#\/schema\/logo\/image\/\"}},{\"@type\":\"Person\",\"@id\":\"https:\/\/rotarygallaplacidia.it\/cms\/#\/schema\/person\/f41f18fc67fafc10843fedbb954ec5bb\",\"name\":\"Giovanni Montresori\",\"image\":{\"@type\":\"ImageObject\",\"inLanguage\":\"it-IT\",\"@id\":\"https:\/\/rotarygallaplacidia.it\/cms\/#\/schema\/person\/image\/\",\"url\":\"https:\/\/secure.gravatar.com\/avatar\/3d9e7f1f9caad8f75087284e8e36637170492fa9e64342b174bfa0937df7ecda?s=96&d=mm&r=g\",\"contentUrl\":\"https:\/\/secure.gravatar.com\/avatar\/3d9e7f1f9caad8f75087284e8e36637170492fa9e64342b174bfa0937df7ecda?s=96&d=mm&r=g\",\"caption\":\"Giovanni Montresori\"},\"url\":\"https:\/\/rotarygallaplacidia.it\/cms\/author\/giovanni-montresori\/\"}]}<\/script>\n<!-- \/ Yoast SEO plugin. -->","yoast_head_json":{"title":"Rotary Club Galla Placidia: Una serata con Marco Martinelli - Rotary Galla Placidia Ravenna","robots":{"index":"index","follow":"follow","max-snippet":"max-snippet:-1","max-image-preview":"max-image-preview:large","max-video-preview":"max-video-preview:-1"},"canonical":"https:\/\/rotarygallaplacidia.it\/cms\/rotary-club-galla-placidia-una-serata-con-marco-martinelli\/","og_locale":"it_IT","og_type":"article","og_title":"Rotary Club Galla Placidia: Una serata con Marco Martinelli - Rotary Galla Placidia Ravenna","og_description":"&nbsp; Nella serata del 21 settembre scorso presso il Circolo Ravennate e dei Forestieri il Rotary Club Galla Placidia ha avuto come relatore Marco Martinelli. L\u2019incontro \u00e8 stato introdotto dal Presidente del Rotary Roberto Scaioli e da Paolo Visani, che hanno illustrato il coinvolgimento del Club nelle iniziative a sostegno [&hellip;]","og_url":"https:\/\/rotarygallaplacidia.it\/cms\/rotary-club-galla-placidia-una-serata-con-marco-martinelli\/","og_site_name":"Rotary Galla Placidia Ravenna","article_published_time":"2023-09-21T07:45:12+00:00","article_modified_time":"2023-09-24T07:49:27+00:00","og_image":[{"width":2560,"height":1703,"url":"https:\/\/rotarygallaplacidia.it\/cms\/wp-content\/uploads\/2023\/09\/DSC_9974-scaled.jpg","type":"image\/jpeg"}],"author":"Giovanni Montresori","twitter_card":"summary_large_image","twitter_misc":{"Scritto da":"Giovanni Montresori","Tempo di lettura stimato":"2 minuti"},"schema":{"@context":"https:\/\/schema.org","@graph":[{"@type":"Article","@id":"https:\/\/rotarygallaplacidia.it\/cms\/rotary-club-galla-placidia-una-serata-con-marco-martinelli\/#article","isPartOf":{"@id":"https:\/\/rotarygallaplacidia.it\/cms\/rotary-club-galla-placidia-una-serata-con-marco-martinelli\/"},"author":{"name":"Giovanni Montresori","@id":"https:\/\/rotarygallaplacidia.it\/cms\/#\/schema\/person\/f41f18fc67fafc10843fedbb954ec5bb"},"headline":"Rotary Club Galla Placidia: Una serata con Marco Martinelli","datePublished":"2023-09-21T07:45:12+00:00","dateModified":"2023-09-24T07:49:27+00:00","mainEntityOfPage":{"@id":"https:\/\/rotarygallaplacidia.it\/cms\/rotary-club-galla-placidia-una-serata-con-marco-martinelli\/"},"wordCount":475,"publisher":{"@id":"https:\/\/rotarygallaplacidia.it\/cms\/#organization"},"image":{"@id":"https:\/\/rotarygallaplacidia.it\/cms\/rotary-club-galla-placidia-una-serata-con-marco-martinelli\/#primaryimage"},"thumbnailUrl":"https:\/\/i0.wp.com\/rotarygallaplacidia.it\/cms\/wp-content\/uploads\/2023\/09\/DSC_9974-scaled.jpg?fit=2560%2C1703&ssl=1","articleSection":["Eventi","Service"],"inLanguage":"it-IT"},{"@type":"WebPage","@id":"https:\/\/rotarygallaplacidia.it\/cms\/rotary-club-galla-placidia-una-serata-con-marco-martinelli\/","url":"https:\/\/rotarygallaplacidia.it\/cms\/rotary-club-galla-placidia-una-serata-con-marco-martinelli\/","name":"Rotary Club Galla Placidia: Una serata con Marco Martinelli - Rotary Galla Placidia Ravenna","isPartOf":{"@id":"https:\/\/rotarygallaplacidia.it\/cms\/#website"},"primaryImageOfPage":{"@id":"https:\/\/rotarygallaplacidia.it\/cms\/rotary-club-galla-placidia-una-serata-con-marco-martinelli\/#primaryimage"},"image":{"@id":"https:\/\/rotarygallaplacidia.it\/cms\/rotary-club-galla-placidia-una-serata-con-marco-martinelli\/#primaryimage"},"thumbnailUrl":"https:\/\/i0.wp.com\/rotarygallaplacidia.it\/cms\/wp-content\/uploads\/2023\/09\/DSC_9974-scaled.jpg?fit=2560%2C1703&ssl=1","datePublished":"2023-09-21T07:45:12+00:00","dateModified":"2023-09-24T07:49:27+00:00","breadcrumb":{"@id":"https:\/\/rotarygallaplacidia.it\/cms\/rotary-club-galla-placidia-una-serata-con-marco-martinelli\/#breadcrumb"},"inLanguage":"it-IT","potentialAction":[{"@type":"ReadAction","target":["https:\/\/rotarygallaplacidia.it\/cms\/rotary-club-galla-placidia-una-serata-con-marco-martinelli\/"]}]},{"@type":"ImageObject","inLanguage":"it-IT","@id":"https:\/\/rotarygallaplacidia.it\/cms\/rotary-club-galla-placidia-una-serata-con-marco-martinelli\/#primaryimage","url":"https:\/\/i0.wp.com\/rotarygallaplacidia.it\/cms\/wp-content\/uploads\/2023\/09\/DSC_9974-scaled.jpg?fit=2560%2C1703&ssl=1","contentUrl":"https:\/\/i0.wp.com\/rotarygallaplacidia.it\/cms\/wp-content\/uploads\/2023\/09\/DSC_9974-scaled.jpg?fit=2560%2C1703&ssl=1","width":2560,"height":1703},{"@type":"BreadcrumbList","@id":"https:\/\/rotarygallaplacidia.it\/cms\/rotary-club-galla-placidia-una-serata-con-marco-martinelli\/#breadcrumb","itemListElement":[{"@type":"ListItem","position":1,"name":"Home","item":"https:\/\/rotarygallaplacidia.it\/cms\/"},{"@type":"ListItem","position":2,"name":"Rotary Club Galla Placidia: Una serata con Marco Martinelli"}]},{"@type":"WebSite","@id":"https:\/\/rotarygallaplacidia.it\/cms\/#website","url":"https:\/\/rotarygallaplacidia.it\/cms\/","name":"Rotary Galla Placidia Ravenna","description":"Rotary Club Ravenna Galla Placidia","publisher":{"@id":"https:\/\/rotarygallaplacidia.it\/cms\/#organization"},"potentialAction":[{"@type":"SearchAction","target":{"@type":"EntryPoint","urlTemplate":"https:\/\/rotarygallaplacidia.it\/cms\/?s={search_term_string}"},"query-input":"required name=search_term_string"}],"inLanguage":"it-IT"},{"@type":"Organization","@id":"https:\/\/rotarygallaplacidia.it\/cms\/#organization","name":"Rotary Galla Placidia Ravenna","url":"https:\/\/rotarygallaplacidia.it\/cms\/","logo":{"@type":"ImageObject","inLanguage":"it-IT","@id":"https:\/\/rotarygallaplacidia.it\/cms\/#\/schema\/logo\/image\/","url":"https:\/\/i0.wp.com\/rotarygallaplacidia.it\/cms\/wp-content\/uploads\/2017\/05\/cropped-logo-5.png?fit=375%2C250&ssl=1","contentUrl":"https:\/\/i0.wp.com\/rotarygallaplacidia.it\/cms\/wp-content\/uploads\/2017\/05\/cropped-logo-5.png?fit=375%2C250&ssl=1","width":375,"height":250,"caption":"Rotary Galla Placidia Ravenna"},"image":{"@id":"https:\/\/rotarygallaplacidia.it\/cms\/#\/schema\/logo\/image\/"}},{"@type":"Person","@id":"https:\/\/rotarygallaplacidia.it\/cms\/#\/schema\/person\/f41f18fc67fafc10843fedbb954ec5bb","name":"Giovanni Montresori","image":{"@type":"ImageObject","inLanguage":"it-IT","@id":"https:\/\/rotarygallaplacidia.it\/cms\/#\/schema\/person\/image\/","url":"https:\/\/secure.gravatar.com\/avatar\/3d9e7f1f9caad8f75087284e8e36637170492fa9e64342b174bfa0937df7ecda?s=96&d=mm&r=g","contentUrl":"https:\/\/secure.gravatar.com\/avatar\/3d9e7f1f9caad8f75087284e8e36637170492fa9e64342b174bfa0937df7ecda?s=96&d=mm&r=g","caption":"Giovanni Montresori"},"url":"https:\/\/rotarygallaplacidia.it\/cms\/author\/giovanni-montresori\/"}]}},"jetpack_featured_media_url":"https:\/\/i0.wp.com\/rotarygallaplacidia.it\/cms\/wp-content\/uploads\/2023\/09\/DSC_9974-scaled.jpg?fit=2560%2C1703&ssl=1","jetpack_sharing_enabled":true,"jetpack_shortlink":"https:\/\/wp.me\/p8KQsN-IY","jetpack-related-posts":[],"_links":{"self":[{"href":"https:\/\/rotarygallaplacidia.it\/cms\/wp-json\/wp\/v2\/posts\/2788","targetHints":{"allow":["GET"]}}],"collection":[{"href":"https:\/\/rotarygallaplacidia.it\/cms\/wp-json\/wp\/v2\/posts"}],"about":[{"href":"https:\/\/rotarygallaplacidia.it\/cms\/wp-json\/wp\/v2\/types\/post"}],"author":[{"embeddable":true,"href":"https:\/\/rotarygallaplacidia.it\/cms\/wp-json\/wp\/v2\/users\/3"}],"replies":[{"embeddable":true,"href":"https:\/\/rotarygallaplacidia.it\/cms\/wp-json\/wp\/v2\/comments?post=2788"}],"version-history":[{"count":1,"href":"https:\/\/rotarygallaplacidia.it\/cms\/wp-json\/wp\/v2\/posts\/2788\/revisions"}],"predecessor-version":[{"id":2792,"href":"https:\/\/rotarygallaplacidia.it\/cms\/wp-json\/wp\/v2\/posts\/2788\/revisions\/2792"}],"wp:featuredmedia":[{"embeddable":true,"href":"https:\/\/rotarygallaplacidia.it\/cms\/wp-json\/wp\/v2\/media\/2789"}],"wp:attachment":[{"href":"https:\/\/rotarygallaplacidia.it\/cms\/wp-json\/wp\/v2\/media?parent=2788"}],"wp:term":[{"taxonomy":"category","embeddable":true,"href":"https:\/\/rotarygallaplacidia.it\/cms\/wp-json\/wp\/v2\/categories?post=2788"},{"taxonomy":"post_tag","embeddable":true,"href":"https:\/\/rotarygallaplacidia.it\/cms\/wp-json\/wp\/v2\/tags?post=2788"}],"curies":[{"name":"wp","href":"https:\/\/api.w.org\/{rel}","templated":true}]}}