{"id":3292,"date":"2024-03-24T13:22:33","date_gmt":"2024-03-24T13:22:33","guid":{"rendered":"https:\/\/rotarygallaplacidia.it\/cms\/?p=3292"},"modified":"2024-03-24T13:57:16","modified_gmt":"2024-03-24T13:57:16","slug":"il-rotary-galla-placidia-sostiene-attraverso-il-mercatino-del-riuso-insieme-a-te-per-una-spiaggia-accessibile-alle-persone-con-gravi-disabilita","status":"publish","type":"post","link":"https:\/\/rotarygallaplacidia.it\/cms\/il-rotary-galla-placidia-sostiene-attraverso-il-mercatino-del-riuso-insieme-a-te-per-una-spiaggia-accessibile-alle-persone-con-gravi-disabilita\/","title":{"rendered":"Il Rotary Galla Placidia partecipa alla Pulce nel baule per sostenere\u00a0Insieme a Te, una spiaggia accessibile alle persone con gravi disabilit\u00e0"},"content":{"rendered":"<p><a href=\"https:\/\/i0.wp.com\/rotarygallaplacidia.it\/cms\/wp-content\/uploads\/2024\/03\/Mercatino-1.jpg?ssl=1\"><img fetchpriority=\"high\" decoding=\"async\" data-attachment-id=\"3320\" data-permalink=\"https:\/\/rotarygallaplacidia.it\/cms\/il-rotary-galla-placidia-sostiene-attraverso-il-mercatino-del-riuso-insieme-a-te-per-una-spiaggia-accessibile-alle-persone-con-gravi-disabilita\/mercatino-2\/\" data-orig-file=\"https:\/\/i0.wp.com\/rotarygallaplacidia.it\/cms\/wp-content\/uploads\/2024\/03\/Mercatino-1.jpg?fit=1600%2C1200&amp;ssl=1\" data-orig-size=\"1600,1200\" data-comments-opened=\"0\" data-image-meta=\"{&quot;aperture&quot;:&quot;0&quot;,&quot;credit&quot;:&quot;&quot;,&quot;camera&quot;:&quot;&quot;,&quot;caption&quot;:&quot;&quot;,&quot;created_timestamp&quot;:&quot;0&quot;,&quot;copyright&quot;:&quot;&quot;,&quot;focal_length&quot;:&quot;0&quot;,&quot;iso&quot;:&quot;0&quot;,&quot;shutter_speed&quot;:&quot;0&quot;,&quot;title&quot;:&quot;&quot;,&quot;orientation&quot;:&quot;0&quot;}\" data-image-title=\"Mercatino\" data-image-description=\"\" data-image-caption=\"\" data-medium-file=\"https:\/\/i0.wp.com\/rotarygallaplacidia.it\/cms\/wp-content\/uploads\/2024\/03\/Mercatino-1.jpg?fit=300%2C225&amp;ssl=1\" data-large-file=\"https:\/\/i0.wp.com\/rotarygallaplacidia.it\/cms\/wp-content\/uploads\/2024\/03\/Mercatino-1.jpg?fit=750%2C563&amp;ssl=1\" tabindex=\"0\" role=\"button\" src=\"https:\/\/i0.wp.com\/rotarygallaplacidia.it\/cms\/wp-content\/uploads\/2024\/03\/Mercatino-1.jpg?resize=399%2C299&#038;ssl=1\" alt=\"\" width=\"399\" height=\"299\" class=\"alignnone  wp-image-3320\" srcset=\"https:\/\/i0.wp.com\/rotarygallaplacidia.it\/cms\/wp-content\/uploads\/2024\/03\/Mercatino-1.jpg?resize=300%2C225&amp;ssl=1 300w, https:\/\/i0.wp.com\/rotarygallaplacidia.it\/cms\/wp-content\/uploads\/2024\/03\/Mercatino-1.jpg?resize=1024%2C768&amp;ssl=1 1024w, https:\/\/i0.wp.com\/rotarygallaplacidia.it\/cms\/wp-content\/uploads\/2024\/03\/Mercatino-1.jpg?resize=768%2C576&amp;ssl=1 768w, https:\/\/i0.wp.com\/rotarygallaplacidia.it\/cms\/wp-content\/uploads\/2024\/03\/Mercatino-1.jpg?resize=1536%2C1152&amp;ssl=1 1536w, https:\/\/i0.wp.com\/rotarygallaplacidia.it\/cms\/wp-content\/uploads\/2024\/03\/Mercatino-1.jpg?w=1600&amp;ssl=1 1600w\" sizes=\"(max-width: 399px) 100vw, 399px\" data-recalc-dims=\"1\" \/><\/a><\/p>\n<p>Avevamo dato notizia nei giorni scorsi di un Mercatino del riuso, iniziativa benefica organizzata ogni anno dai \u00a0soci rotariani del <strong>RC Ravenna Galla Placidia<\/strong> e dai loro familiari, che aveva riscosso un certo successo.\u00a0 L\u2019appuntamento, fissato per lo scorso 10 marzo, \u00e8 stato rinviato a causa delle cattive condizioni metereologiche. Ora viene riproposto per <strong>domenica 24 marzo dalle ore 8:30 alle 18:30 presso il Pala De Andr\u00e8. <\/strong>Nell\u2019occasione sar\u00e0 possibile acquistare vestiti e accessori di seconda mano.<\/p>\n<p>La finalit\u00e0 dell\u2019iniziativa rotariana\u00a0 sar\u00e0 duplice:<\/p>\n<p>\u0336 \u00a0non si sprecheranno gli oggetti acquistati, ai quali verr\u00e0 data una seconda vita, favorendo cos\u00ec anche l\u2019economia circolare;<\/p>\n<p>\u0336 \u00a0il ricavato delle vendite sar\u00e0 devoluto all\u2019associazione di volontariato <strong><em>Insieme a Te<\/em><\/strong>, che opera a Punta Marina per rendere la spiaggia accessibile alle persone che hanno gravi disabilit\u00e0.<\/p>\n<p>Del resto proprio nel mese scorso, alla presenza delle autorit\u00e0 locali, \u00e8 stata posata la prima pietra della nuova struttura che a P. Marina consentir\u00e0 di ospitare anche persone con forti disabilit\u00e0.<\/p>\n<p>Si invita la cittadinanza a partecipare numerosa a questo evento. Per maggiori informazioni \u00e8 possibile consultare il sito <a href=\"http:\/\/www.insiemeate.org\"><em>www.insiemeate.org<\/em><\/a><\/p>\n","protected":false},"excerpt":{"rendered":"<p>Avevamo dato notizia nei giorni scorsi di un Mercatino del riuso, iniziativa benefica organizzata ogni anno dai \u00a0soci rotariani del RC Ravenna Galla Placidia e dai loro familiari, che aveva riscosso un certo successo.\u00a0 L\u2019appuntamento, fissato per lo scorso 10 marzo, \u00e8 stato rinviato a causa delle cattive condizioni metereologiche. [&hellip;]<\/p>\n","protected":false},"author":3,"featured_media":3291,"comment_status":"closed","ping_status":"closed","sticky":false,"template":"","format":"standard","meta":{"jetpack_post_was_ever_published":false,"_jetpack_newsletter_access":"","_jetpack_dont_email_post_to_subs":false,"_jetpack_newsletter_tier_id":0,"_jetpack_memberships_contains_paywalled_content":false,"_jetpack_memberships_contains_paid_content":false,"footnotes":"","jetpack_publicize_message":"","jetpack_publicize_feature_enabled":true,"jetpack_social_post_already_shared":true,"jetpack_social_options":{"image_generator_settings":{"template":"highway","enabled":false},"version":2}},"categories":[17,13],"tags":[],"class_list":["post-3292","post","type-post","status-publish","format-standard","has-post-thumbnail","hentry","category-eventi","category-service"],"jetpack_publicize_connections":[],"yoast_head":"<!-- This site is optimized with the Yoast SEO plugin v23.0 - https:\/\/yoast.com\/wordpress\/plugins\/seo\/ -->\n<title>Il Rotary Galla Placidia partecipa alla Pulce nel baule per sostenere\u00a0Insieme a Te, una spiaggia accessibile alle persone con gravi disabilit\u00e0 - Rotary Galla Placidia Ravenna<\/title>\n<meta name=\"robots\" content=\"index, follow, max-snippet:-1, max-image-preview:large, max-video-preview:-1\" \/>\n<link rel=\"canonical\" href=\"https:\/\/rotarygallaplacidia.it\/cms\/il-rotary-galla-placidia-sostiene-attraverso-il-mercatino-del-riuso-insieme-a-te-per-una-spiaggia-accessibile-alle-persone-con-gravi-disabilita\/\" \/>\n<meta property=\"og:locale\" content=\"it_IT\" \/>\n<meta property=\"og:type\" content=\"article\" \/>\n<meta property=\"og:title\" content=\"Il Rotary Galla Placidia partecipa alla Pulce nel baule per sostenere\u00a0Insieme a Te, una spiaggia accessibile alle persone con gravi disabilit\u00e0 - Rotary Galla Placidia Ravenna\" \/>\n<meta property=\"og:description\" content=\"Avevamo dato notizia nei giorni scorsi di un Mercatino del riuso, iniziativa benefica organizzata ogni anno dai \u00a0soci rotariani del RC Ravenna Galla Placidia e dai loro familiari, che aveva riscosso un certo successo.\u00a0 L\u2019appuntamento, fissato per lo scorso 10 marzo, \u00e8 stato rinviato a causa delle cattive condizioni metereologiche. [&hellip;]\" \/>\n<meta property=\"og:url\" content=\"https:\/\/rotarygallaplacidia.it\/cms\/il-rotary-galla-placidia-sostiene-attraverso-il-mercatino-del-riuso-insieme-a-te-per-una-spiaggia-accessibile-alle-persone-con-gravi-disabilita\/\" \/>\n<meta property=\"og:site_name\" content=\"Rotary Galla Placidia Ravenna\" \/>\n<meta property=\"article:published_time\" content=\"2024-03-24T13:22:33+00:00\" \/>\n<meta property=\"article:modified_time\" content=\"2024-03-24T13:57:16+00:00\" \/>\n<meta property=\"og:image\" content=\"https:\/\/rotarygallaplacidia.it\/cms\/wp-content\/uploads\/2024\/03\/Mercatino.jpg\" \/>\n\t<meta property=\"og:image:width\" content=\"828\" \/>\n\t<meta property=\"og:image:height\" content=\"1472\" \/>\n\t<meta property=\"og:image:type\" content=\"image\/jpeg\" \/>\n<meta name=\"author\" content=\"Giovanni Montresori\" \/>\n<meta name=\"twitter:card\" content=\"summary_large_image\" \/>\n<meta name=\"twitter:label1\" content=\"Scritto da\" \/>\n\t<meta name=\"twitter:data1\" content=\"Giovanni Montresori\" \/>\n\t<meta name=\"twitter:label2\" content=\"Tempo di lettura stimato\" \/>\n\t<meta name=\"twitter:data2\" content=\"1 minuto\" \/>\n<script type=\"application\/ld+json\" class=\"yoast-schema-graph\">{\"@context\":\"https:\/\/schema.org\",\"@graph\":[{\"@type\":\"Article\",\"@id\":\"https:\/\/rotarygallaplacidia.it\/cms\/il-rotary-galla-placidia-sostiene-attraverso-il-mercatino-del-riuso-insieme-a-te-per-una-spiaggia-accessibile-alle-persone-con-gravi-disabilita\/#article\",\"isPartOf\":{\"@id\":\"https:\/\/rotarygallaplacidia.it\/cms\/il-rotary-galla-placidia-sostiene-attraverso-il-mercatino-del-riuso-insieme-a-te-per-una-spiaggia-accessibile-alle-persone-con-gravi-disabilita\/\"},\"author\":{\"name\":\"Giovanni Montresori\",\"@id\":\"https:\/\/rotarygallaplacidia.it\/cms\/#\/schema\/person\/f41f18fc67fafc10843fedbb954ec5bb\"},\"headline\":\"Il Rotary Galla Placidia partecipa alla Pulce nel baule per sostenere\u00a0Insieme a Te, una spiaggia accessibile alle persone con gravi disabilit\u00e0\",\"datePublished\":\"2024-03-24T13:22:33+00:00\",\"dateModified\":\"2024-03-24T13:57:16+00:00\",\"mainEntityOfPage\":{\"@id\":\"https:\/\/rotarygallaplacidia.it\/cms\/il-rotary-galla-placidia-sostiene-attraverso-il-mercatino-del-riuso-insieme-a-te-per-una-spiaggia-accessibile-alle-persone-con-gravi-disabilita\/\"},\"wordCount\":202,\"publisher\":{\"@id\":\"https:\/\/rotarygallaplacidia.it\/cms\/#organization\"},\"image\":{\"@id\":\"https:\/\/rotarygallaplacidia.it\/cms\/il-rotary-galla-placidia-sostiene-attraverso-il-mercatino-del-riuso-insieme-a-te-per-una-spiaggia-accessibile-alle-persone-con-gravi-disabilita\/#primaryimage\"},\"thumbnailUrl\":\"https:\/\/i0.wp.com\/rotarygallaplacidia.it\/cms\/wp-content\/uploads\/2024\/03\/Mercatino.jpg?fit=828%2C1472&ssl=1\",\"articleSection\":[\"Eventi\",\"Service\"],\"inLanguage\":\"it-IT\"},{\"@type\":\"WebPage\",\"@id\":\"https:\/\/rotarygallaplacidia.it\/cms\/il-rotary-galla-placidia-sostiene-attraverso-il-mercatino-del-riuso-insieme-a-te-per-una-spiaggia-accessibile-alle-persone-con-gravi-disabilita\/\",\"url\":\"https:\/\/rotarygallaplacidia.it\/cms\/il-rotary-galla-placidia-sostiene-attraverso-il-mercatino-del-riuso-insieme-a-te-per-una-spiaggia-accessibile-alle-persone-con-gravi-disabilita\/\",\"name\":\"Il Rotary Galla Placidia partecipa alla Pulce nel baule per sostenere\u00a0Insieme a Te, una spiaggia accessibile alle persone con gravi disabilit\u00e0 - Rotary Galla Placidia Ravenna\",\"isPartOf\":{\"@id\":\"https:\/\/rotarygallaplacidia.it\/cms\/#website\"},\"primaryImageOfPage\":{\"@id\":\"https:\/\/rotarygallaplacidia.it\/cms\/il-rotary-galla-placidia-sostiene-attraverso-il-mercatino-del-riuso-insieme-a-te-per-una-spiaggia-accessibile-alle-persone-con-gravi-disabilita\/#primaryimage\"},\"image\":{\"@id\":\"https:\/\/rotarygallaplacidia.it\/cms\/il-rotary-galla-placidia-sostiene-attraverso-il-mercatino-del-riuso-insieme-a-te-per-una-spiaggia-accessibile-alle-persone-con-gravi-disabilita\/#primaryimage\"},\"thumbnailUrl\":\"https:\/\/i0.wp.com\/rotarygallaplacidia.it\/cms\/wp-content\/uploads\/2024\/03\/Mercatino.jpg?fit=828%2C1472&ssl=1\",\"datePublished\":\"2024-03-24T13:22:33+00:00\",\"dateModified\":\"2024-03-24T13:57:16+00:00\",\"breadcrumb\":{\"@id\":\"https:\/\/rotarygallaplacidia.it\/cms\/il-rotary-galla-placidia-sostiene-attraverso-il-mercatino-del-riuso-insieme-a-te-per-una-spiaggia-accessibile-alle-persone-con-gravi-disabilita\/#breadcrumb\"},\"inLanguage\":\"it-IT\",\"potentialAction\":[{\"@type\":\"ReadAction\",\"target\":[\"https:\/\/rotarygallaplacidia.it\/cms\/il-rotary-galla-placidia-sostiene-attraverso-il-mercatino-del-riuso-insieme-a-te-per-una-spiaggia-accessibile-alle-persone-con-gravi-disabilita\/\"]}]},{\"@type\":\"ImageObject\",\"inLanguage\":\"it-IT\",\"@id\":\"https:\/\/rotarygallaplacidia.it\/cms\/il-rotary-galla-placidia-sostiene-attraverso-il-mercatino-del-riuso-insieme-a-te-per-una-spiaggia-accessibile-alle-persone-con-gravi-disabilita\/#primaryimage\",\"url\":\"https:\/\/i0.wp.com\/rotarygallaplacidia.it\/cms\/wp-content\/uploads\/2024\/03\/Mercatino.jpg?fit=828%2C1472&ssl=1\",\"contentUrl\":\"https:\/\/i0.wp.com\/rotarygallaplacidia.it\/cms\/wp-content\/uploads\/2024\/03\/Mercatino.jpg?fit=828%2C1472&ssl=1\",\"width\":828,\"height\":1472},{\"@type\":\"BreadcrumbList\",\"@id\":\"https:\/\/rotarygallaplacidia.it\/cms\/il-rotary-galla-placidia-sostiene-attraverso-il-mercatino-del-riuso-insieme-a-te-per-una-spiaggia-accessibile-alle-persone-con-gravi-disabilita\/#breadcrumb\",\"itemListElement\":[{\"@type\":\"ListItem\",\"position\":1,\"name\":\"Home\",\"item\":\"https:\/\/rotarygallaplacidia.it\/cms\/\"},{\"@type\":\"ListItem\",\"position\":2,\"name\":\"Il Rotary Galla Placidia partecipa alla Pulce nel baule per sostenere\u00a0Insieme a Te, una spiaggia accessibile alle persone con gravi disabilit\u00e0\"}]},{\"@type\":\"WebSite\",\"@id\":\"https:\/\/rotarygallaplacidia.it\/cms\/#website\",\"url\":\"https:\/\/rotarygallaplacidia.it\/cms\/\",\"name\":\"Rotary Galla Placidia Ravenna\",\"description\":\"Rotary Club Ravenna Galla Placidia\",\"publisher\":{\"@id\":\"https:\/\/rotarygallaplacidia.it\/cms\/#organization\"},\"potentialAction\":[{\"@type\":\"SearchAction\",\"target\":{\"@type\":\"EntryPoint\",\"urlTemplate\":\"https:\/\/rotarygallaplacidia.it\/cms\/?s={search_term_string}\"},\"query-input\":\"required name=search_term_string\"}],\"inLanguage\":\"it-IT\"},{\"@type\":\"Organization\",\"@id\":\"https:\/\/rotarygallaplacidia.it\/cms\/#organization\",\"name\":\"Rotary Galla Placidia Ravenna\",\"url\":\"https:\/\/rotarygallaplacidia.it\/cms\/\",\"logo\":{\"@type\":\"ImageObject\",\"inLanguage\":\"it-IT\",\"@id\":\"https:\/\/rotarygallaplacidia.it\/cms\/#\/schema\/logo\/image\/\",\"url\":\"https:\/\/i0.wp.com\/rotarygallaplacidia.it\/cms\/wp-content\/uploads\/2017\/05\/cropped-logo-5.png?fit=375%2C250&ssl=1\",\"contentUrl\":\"https:\/\/i0.wp.com\/rotarygallaplacidia.it\/cms\/wp-content\/uploads\/2017\/05\/cropped-logo-5.png?fit=375%2C250&ssl=1\",\"width\":375,\"height\":250,\"caption\":\"Rotary Galla Placidia Ravenna\"},\"image\":{\"@id\":\"https:\/\/rotarygallaplacidia.it\/cms\/#\/schema\/logo\/image\/\"}},{\"@type\":\"Person\",\"@id\":\"https:\/\/rotarygallaplacidia.it\/cms\/#\/schema\/person\/f41f18fc67fafc10843fedbb954ec5bb\",\"name\":\"Giovanni Montresori\",\"image\":{\"@type\":\"ImageObject\",\"inLanguage\":\"it-IT\",\"@id\":\"https:\/\/rotarygallaplacidia.it\/cms\/#\/schema\/person\/image\/\",\"url\":\"https:\/\/secure.gravatar.com\/avatar\/3d9e7f1f9caad8f75087284e8e36637170492fa9e64342b174bfa0937df7ecda?s=96&d=mm&r=g\",\"contentUrl\":\"https:\/\/secure.gravatar.com\/avatar\/3d9e7f1f9caad8f75087284e8e36637170492fa9e64342b174bfa0937df7ecda?s=96&d=mm&r=g\",\"caption\":\"Giovanni Montresori\"},\"url\":\"https:\/\/rotarygallaplacidia.it\/cms\/author\/giovanni-montresori\/\"}]}<\/script>\n<!-- \/ Yoast SEO plugin. -->","yoast_head_json":{"title":"Il Rotary Galla Placidia partecipa alla Pulce nel baule per sostenere\u00a0Insieme a Te, una spiaggia accessibile alle persone con gravi disabilit\u00e0 - Rotary Galla Placidia Ravenna","robots":{"index":"index","follow":"follow","max-snippet":"max-snippet:-1","max-image-preview":"max-image-preview:large","max-video-preview":"max-video-preview:-1"},"canonical":"https:\/\/rotarygallaplacidia.it\/cms\/il-rotary-galla-placidia-sostiene-attraverso-il-mercatino-del-riuso-insieme-a-te-per-una-spiaggia-accessibile-alle-persone-con-gravi-disabilita\/","og_locale":"it_IT","og_type":"article","og_title":"Il Rotary Galla Placidia partecipa alla Pulce nel baule per sostenere\u00a0Insieme a Te, una spiaggia accessibile alle persone con gravi disabilit\u00e0 - Rotary Galla Placidia Ravenna","og_description":"Avevamo dato notizia nei giorni scorsi di un Mercatino del riuso, iniziativa benefica organizzata ogni anno dai \u00a0soci rotariani del RC Ravenna Galla Placidia e dai loro familiari, che aveva riscosso un certo successo.\u00a0 L\u2019appuntamento, fissato per lo scorso 10 marzo, \u00e8 stato rinviato a causa delle cattive condizioni metereologiche. [&hellip;]","og_url":"https:\/\/rotarygallaplacidia.it\/cms\/il-rotary-galla-placidia-sostiene-attraverso-il-mercatino-del-riuso-insieme-a-te-per-una-spiaggia-accessibile-alle-persone-con-gravi-disabilita\/","og_site_name":"Rotary Galla Placidia Ravenna","article_published_time":"2024-03-24T13:22:33+00:00","article_modified_time":"2024-03-24T13:57:16+00:00","og_image":[{"width":828,"height":1472,"url":"https:\/\/rotarygallaplacidia.it\/cms\/wp-content\/uploads\/2024\/03\/Mercatino.jpg","type":"image\/jpeg"}],"author":"Giovanni Montresori","twitter_card":"summary_large_image","twitter_misc":{"Scritto da":"Giovanni Montresori","Tempo di lettura stimato":"1 minuto"},"schema":{"@context":"https:\/\/schema.org","@graph":[{"@type":"Article","@id":"https:\/\/rotarygallaplacidia.it\/cms\/il-rotary-galla-placidia-sostiene-attraverso-il-mercatino-del-riuso-insieme-a-te-per-una-spiaggia-accessibile-alle-persone-con-gravi-disabilita\/#article","isPartOf":{"@id":"https:\/\/rotarygallaplacidia.it\/cms\/il-rotary-galla-placidia-sostiene-attraverso-il-mercatino-del-riuso-insieme-a-te-per-una-spiaggia-accessibile-alle-persone-con-gravi-disabilita\/"},"author":{"name":"Giovanni Montresori","@id":"https:\/\/rotarygallaplacidia.it\/cms\/#\/schema\/person\/f41f18fc67fafc10843fedbb954ec5bb"},"headline":"Il Rotary Galla Placidia partecipa alla Pulce nel baule per sostenere\u00a0Insieme a Te, una spiaggia accessibile alle persone con gravi disabilit\u00e0","datePublished":"2024-03-24T13:22:33+00:00","dateModified":"2024-03-24T13:57:16+00:00","mainEntityOfPage":{"@id":"https:\/\/rotarygallaplacidia.it\/cms\/il-rotary-galla-placidia-sostiene-attraverso-il-mercatino-del-riuso-insieme-a-te-per-una-spiaggia-accessibile-alle-persone-con-gravi-disabilita\/"},"wordCount":202,"publisher":{"@id":"https:\/\/rotarygallaplacidia.it\/cms\/#organization"},"image":{"@id":"https:\/\/rotarygallaplacidia.it\/cms\/il-rotary-galla-placidia-sostiene-attraverso-il-mercatino-del-riuso-insieme-a-te-per-una-spiaggia-accessibile-alle-persone-con-gravi-disabilita\/#primaryimage"},"thumbnailUrl":"https:\/\/i0.wp.com\/rotarygallaplacidia.it\/cms\/wp-content\/uploads\/2024\/03\/Mercatino.jpg?fit=828%2C1472&ssl=1","articleSection":["Eventi","Service"],"inLanguage":"it-IT"},{"@type":"WebPage","@id":"https:\/\/rotarygallaplacidia.it\/cms\/il-rotary-galla-placidia-sostiene-attraverso-il-mercatino-del-riuso-insieme-a-te-per-una-spiaggia-accessibile-alle-persone-con-gravi-disabilita\/","url":"https:\/\/rotarygallaplacidia.it\/cms\/il-rotary-galla-placidia-sostiene-attraverso-il-mercatino-del-riuso-insieme-a-te-per-una-spiaggia-accessibile-alle-persone-con-gravi-disabilita\/","name":"Il Rotary Galla Placidia partecipa alla Pulce nel baule per sostenere\u00a0Insieme a Te, una spiaggia accessibile alle persone con gravi disabilit\u00e0 - Rotary Galla Placidia Ravenna","isPartOf":{"@id":"https:\/\/rotarygallaplacidia.it\/cms\/#website"},"primaryImageOfPage":{"@id":"https:\/\/rotarygallaplacidia.it\/cms\/il-rotary-galla-placidia-sostiene-attraverso-il-mercatino-del-riuso-insieme-a-te-per-una-spiaggia-accessibile-alle-persone-con-gravi-disabilita\/#primaryimage"},"image":{"@id":"https:\/\/rotarygallaplacidia.it\/cms\/il-rotary-galla-placidia-sostiene-attraverso-il-mercatino-del-riuso-insieme-a-te-per-una-spiaggia-accessibile-alle-persone-con-gravi-disabilita\/#primaryimage"},"thumbnailUrl":"https:\/\/i0.wp.com\/rotarygallaplacidia.it\/cms\/wp-content\/uploads\/2024\/03\/Mercatino.jpg?fit=828%2C1472&ssl=1","datePublished":"2024-03-24T13:22:33+00:00","dateModified":"2024-03-24T13:57:16+00:00","breadcrumb":{"@id":"https:\/\/rotarygallaplacidia.it\/cms\/il-rotary-galla-placidia-sostiene-attraverso-il-mercatino-del-riuso-insieme-a-te-per-una-spiaggia-accessibile-alle-persone-con-gravi-disabilita\/#breadcrumb"},"inLanguage":"it-IT","potentialAction":[{"@type":"ReadAction","target":["https:\/\/rotarygallaplacidia.it\/cms\/il-rotary-galla-placidia-sostiene-attraverso-il-mercatino-del-riuso-insieme-a-te-per-una-spiaggia-accessibile-alle-persone-con-gravi-disabilita\/"]}]},{"@type":"ImageObject","inLanguage":"it-IT","@id":"https:\/\/rotarygallaplacidia.it\/cms\/il-rotary-galla-placidia-sostiene-attraverso-il-mercatino-del-riuso-insieme-a-te-per-una-spiaggia-accessibile-alle-persone-con-gravi-disabilita\/#primaryimage","url":"https:\/\/i0.wp.com\/rotarygallaplacidia.it\/cms\/wp-content\/uploads\/2024\/03\/Mercatino.jpg?fit=828%2C1472&ssl=1","contentUrl":"https:\/\/i0.wp.com\/rotarygallaplacidia.it\/cms\/wp-content\/uploads\/2024\/03\/Mercatino.jpg?fit=828%2C1472&ssl=1","width":828,"height":1472},{"@type":"BreadcrumbList","@id":"https:\/\/rotarygallaplacidia.it\/cms\/il-rotary-galla-placidia-sostiene-attraverso-il-mercatino-del-riuso-insieme-a-te-per-una-spiaggia-accessibile-alle-persone-con-gravi-disabilita\/#breadcrumb","itemListElement":[{"@type":"ListItem","position":1,"name":"Home","item":"https:\/\/rotarygallaplacidia.it\/cms\/"},{"@type":"ListItem","position":2,"name":"Il Rotary Galla Placidia partecipa alla Pulce nel baule per sostenere\u00a0Insieme a Te, una spiaggia accessibile alle persone con gravi disabilit\u00e0"}]},{"@type":"WebSite","@id":"https:\/\/rotarygallaplacidia.it\/cms\/#website","url":"https:\/\/rotarygallaplacidia.it\/cms\/","name":"Rotary Galla Placidia Ravenna","description":"Rotary Club Ravenna Galla Placidia","publisher":{"@id":"https:\/\/rotarygallaplacidia.it\/cms\/#organization"},"potentialAction":[{"@type":"SearchAction","target":{"@type":"EntryPoint","urlTemplate":"https:\/\/rotarygallaplacidia.it\/cms\/?s={search_term_string}"},"query-input":"required name=search_term_string"}],"inLanguage":"it-IT"},{"@type":"Organization","@id":"https:\/\/rotarygallaplacidia.it\/cms\/#organization","name":"Rotary Galla Placidia Ravenna","url":"https:\/\/rotarygallaplacidia.it\/cms\/","logo":{"@type":"ImageObject","inLanguage":"it-IT","@id":"https:\/\/rotarygallaplacidia.it\/cms\/#\/schema\/logo\/image\/","url":"https:\/\/i0.wp.com\/rotarygallaplacidia.it\/cms\/wp-content\/uploads\/2017\/05\/cropped-logo-5.png?fit=375%2C250&ssl=1","contentUrl":"https:\/\/i0.wp.com\/rotarygallaplacidia.it\/cms\/wp-content\/uploads\/2017\/05\/cropped-logo-5.png?fit=375%2C250&ssl=1","width":375,"height":250,"caption":"Rotary Galla Placidia Ravenna"},"image":{"@id":"https:\/\/rotarygallaplacidia.it\/cms\/#\/schema\/logo\/image\/"}},{"@type":"Person","@id":"https:\/\/rotarygallaplacidia.it\/cms\/#\/schema\/person\/f41f18fc67fafc10843fedbb954ec5bb","name":"Giovanni Montresori","image":{"@type":"ImageObject","inLanguage":"it-IT","@id":"https:\/\/rotarygallaplacidia.it\/cms\/#\/schema\/person\/image\/","url":"https:\/\/secure.gravatar.com\/avatar\/3d9e7f1f9caad8f75087284e8e36637170492fa9e64342b174bfa0937df7ecda?s=96&d=mm&r=g","contentUrl":"https:\/\/secure.gravatar.com\/avatar\/3d9e7f1f9caad8f75087284e8e36637170492fa9e64342b174bfa0937df7ecda?s=96&d=mm&r=g","caption":"Giovanni Montresori"},"url":"https:\/\/rotarygallaplacidia.it\/cms\/author\/giovanni-montresori\/"}]}},"jetpack_featured_media_url":"https:\/\/i0.wp.com\/rotarygallaplacidia.it\/cms\/wp-content\/uploads\/2024\/03\/Mercatino.jpg?fit=828%2C1472&ssl=1","jetpack_sharing_enabled":true,"jetpack_shortlink":"https:\/\/wp.me\/p8KQsN-R6","jetpack-related-posts":[],"_links":{"self":[{"href":"https:\/\/rotarygallaplacidia.it\/cms\/wp-json\/wp\/v2\/posts\/3292","targetHints":{"allow":["GET"]}}],"collection":[{"href":"https:\/\/rotarygallaplacidia.it\/cms\/wp-json\/wp\/v2\/posts"}],"about":[{"href":"https:\/\/rotarygallaplacidia.it\/cms\/wp-json\/wp\/v2\/types\/post"}],"author":[{"embeddable":true,"href":"https:\/\/rotarygallaplacidia.it\/cms\/wp-json\/wp\/v2\/users\/3"}],"replies":[{"embeddable":true,"href":"https:\/\/rotarygallaplacidia.it\/cms\/wp-json\/wp\/v2\/comments?post=3292"}],"version-history":[{"count":5,"href":"https:\/\/rotarygallaplacidia.it\/cms\/wp-json\/wp\/v2\/posts\/3292\/revisions"}],"predecessor-version":[{"id":3324,"href":"https:\/\/rotarygallaplacidia.it\/cms\/wp-json\/wp\/v2\/posts\/3292\/revisions\/3324"}],"wp:featuredmedia":[{"embeddable":true,"href":"https:\/\/rotarygallaplacidia.it\/cms\/wp-json\/wp\/v2\/media\/3291"}],"wp:attachment":[{"href":"https:\/\/rotarygallaplacidia.it\/cms\/wp-json\/wp\/v2\/media?parent=3292"}],"wp:term":[{"taxonomy":"category","embeddable":true,"href":"https:\/\/rotarygallaplacidia.it\/cms\/wp-json\/wp\/v2\/categories?post=3292"},{"taxonomy":"post_tag","embeddable":true,"href":"https:\/\/rotarygallaplacidia.it\/cms\/wp-json\/wp\/v2\/tags?post=3292"}],"curies":[{"name":"wp","href":"https:\/\/api.w.org\/{rel}","templated":true}]}}